{"id":1508,"date":"2022-06-15T15:42:29","date_gmt":"2022-06-15T13:42:29","guid":{"rendered":"https:\/\/leanconnected.com\/?p=1508"},"modified":"2022-06-15T15:42:31","modified_gmt":"2022-06-15T13:42:31","slug":"leanconnected-a-liot-world-congress","status":"publish","type":"post","link":"https:\/\/leanconnected.com\/index.php\/2022\/06\/15\/leanconnected-a-liot-world-congress\/","title":{"rendered":"LeanConnected \u00e0 l&rsquo;IoT World Congress"},"content":{"rendered":"\n<p>LeanConnected \u00e9tait pr\u00e9sent \u00e0 la r\u00e9ouverture officielle de l&rsquo;IoT World Congress \u00e0 Barcelone. Pour l&rsquo;occasion, nous sommes intervenus en partenariat avec La Fibre 64 pour pr\u00e9senter une th\u00e9matique encore peu connue.<\/p>\n\n\n\n<p class=\"has-normal-font-size\"><strong>Promouvoir et prot\u00e9ger les parcs nationaux avec des stations de connexions vertes<\/strong><\/p>\n\n\n\n<p>Patrice Dubo\u00e9 et Emmanuel Diancart ont mis en avant nos stations de connexion autonomes en \u00e9voquant d\u00e9j\u00e0 les multiples perspectives d&rsquo;avenir. C&rsquo;est dans le cadre de ce partenariat que cet \u00e9t\u00e9, nous \u00e9quiperons un nouveau site au coeur du parc national des Pyr\u00e9n\u00e9es.<\/p>\n\n\n\n<p class=\"has-button-hover-color-color has-text-color\"><strong>L\u2019\u00e9quipe LeanConnected<\/strong><\/p>\n","protected":false},"excerpt":{"rendered":"<p>LeanConnected \u00e9tait pr\u00e9sent \u00e0 la r\u00e9ouverture officielle de l&rsquo;IoT World Congress \u00e0 Barcelone. Pour l&rsquo;occasion, nous sommes intervenus en partenariat avec La Fibre 64 pour pr\u00e9senter une th\u00e9matique encore peu connue. Promouvoir et prot\u00e9ger les parcs nationaux avec des stations &hellip;<\/p>\n<p class=\"read-more\"> <a class=\"more-link\" href=\"https:\/\/leanconnected.com\/index.php\/2022\/06\/15\/leanconnected-a-liot-world-congress\/\"> <span class=\"screen-reader-text\">LeanConnected \u00e0 l&rsquo;IoT World Congress<\/span> Read More &raquo;<\/a><\/p>\n","protected":false},"author":1,"featured_media":1510,"comment_status":"closed","ping_status":"open","sticky":false,"template":"","format":"standard","meta":{"_coblocks_attr":"","_coblocks_dimensions":"","_coblocks_responsive_height":"","_coblocks_accordion_ie_support":"","inline_featured_image":false,"footnotes":""},"categories":[36],"tags":[],"class_list":["post-1508","post","type-post","status-publish","format-standard","has-post-thumbnail","hentry","category-news"],"featured_image_urls_v2":{"full":["https:\/\/leanconnected.com\/wp-content\/uploads\/2022\/06\/IMG_9358-scaled.jpeg",2560,1634,false],"thumbnail":["https:\/\/leanconnected.com\/wp-content\/uploads\/2022\/06\/IMG_9358-150x150.jpeg",150,150,true],"medium":["https:\/\/leanconnected.com\/wp-content\/uploads\/2022\/06\/IMG_9358-300x191.jpeg",300,191,true],"medium_large":["https:\/\/leanconnected.com\/wp-content\/uploads\/2022\/06\/IMG_9358-768x490.jpeg",605,386,true],"large":["https:\/\/leanconnected.com\/wp-content\/uploads\/2022\/06\/IMG_9358-1024x654.jpeg",605,386,true],"1536x1536":["https:\/\/leanconnected.com\/wp-content\/uploads\/2022\/06\/IMG_9358-1536x980.jpeg",1536,980,true],"2048x2048":["https:\/\/leanconnected.com\/wp-content\/uploads\/2022\/06\/IMG_9358-2048x1307.jpeg",2048,1307,true],"responsive-100":["https:\/\/leanconnected.com\/wp-content\/uploads\/2022\/06\/IMG_9358-100x64.jpeg",100,64,true],"responsive-150":["https:\/\/leanconnected.com\/wp-content\/uploads\/2022\/06\/IMG_9358-150x96.jpeg",150,96,true],"responsive-200":["https:\/\/leanconnected.com\/wp-content\/uploads\/2022\/06\/IMG_9358-200x128.jpeg",200,128,true],"responsive-300":["https:\/\/leanconnected.com\/wp-content\/uploads\/2022\/06\/IMG_9358-300x191.jpeg",300,191,true],"responsive-450":["https:\/\/leanconnected.com\/wp-content\/uploads\/2022\/06\/IMG_9358-450x287.jpeg",450,287,true],"responsive-600":["https:\/\/leanconnected.com\/wp-content\/uploads\/2022\/06\/IMG_9358-600x383.jpeg",600,383,true],"responsive-900":["https:\/\/leanconnected.com\/wp-content\/uploads\/2022\/06\/IMG_9358-900x574.jpeg",900,574,true]},"post_excerpt_stackable_v2":"<p>LeanConnected \u00e9tait pr\u00e9sent \u00e0 la r\u00e9ouverture officielle de l&rsquo;IoT World Congress \u00e0 Barcelone. Pour l&rsquo;occasion, nous sommes intervenus en partenariat avec La Fibre 64 pour pr\u00e9senter une th\u00e9matique encore peu connue. Promouvoir et prot\u00e9ger les parcs nationaux avec des stations de connexions vertes Patrice Dubo\u00e9 et Emmanuel Diancart ont mis en avant nos stations de connexion autonomes en \u00e9voquant d\u00e9j\u00e0 les multiples perspectives d&rsquo;avenir. C&rsquo;est dans le cadre de ce partenariat que cet \u00e9t\u00e9, nous \u00e9quiperons un nouveau site au coeur du parc national des Pyr\u00e9n\u00e9es. L\u2019\u00e9quipe LeanConnected<\/p>\n","category_list_v2":"<a href=\"https:\/\/leanconnected.com\/index.php\/category\/news\/\">Nouvelles<\/a>","author_info_v2":{"name":"LeanConnected","url":"https:\/\/leanconnected.com\/index.php\/author\/admin1768\/"},"comments_num_v2":"0 commentaire","_links":{"self":[{"href":"https:\/\/leanconnected.com\/index.php\/wp-json\/wp\/v2\/posts\/1508","targetHints":{"allow":["GET"]}}],"collection":[{"href":"https:\/\/leanconnected.com\/index.php\/wp-json\/wp\/v2\/posts"}],"about":[{"href":"https:\/\/leanconnected.com\/index.php\/wp-json\/wp\/v2\/types\/post"}],"author":[{"embeddable":true,"href":"https:\/\/leanconnected.com\/index.php\/wp-json\/wp\/v2\/users\/1"}],"replies":[{"embeddable":true,"href":"https:\/\/leanconnected.com\/index.php\/wp-json\/wp\/v2\/comments?post=1508"}],"version-history":[{"count":1,"href":"https:\/\/leanconnected.com\/index.php\/wp-json\/wp\/v2\/posts\/1508\/revisions"}],"predecessor-version":[{"id":1511,"href":"https:\/\/leanconnected.com\/index.php\/wp-json\/wp\/v2\/posts\/1508\/revisions\/1511"}],"wp:featuredmedia":[{"embeddable":true,"href":"https:\/\/leanconnected.com\/index.php\/wp-json\/wp\/v2\/media\/1510"}],"wp:attachment":[{"href":"https:\/\/leanconnected.com\/index.php\/wp-json\/wp\/v2\/media?parent=1508"}],"wp:term":[{"taxonomy":"category","embeddable":true,"href":"https:\/\/leanconnected.com\/index.php\/wp-json\/wp\/v2\/categories?post=1508"},{"taxonomy":"post_tag","embeddable":true,"href":"https:\/\/leanconnected.com\/index.php\/wp-json\/wp\/v2\/tags?post=1508"}],"curies":[{"name":"wp","href":"https:\/\/api.w.org\/{rel}","templated":true}]}}